
{"id":130665,"date":"2025-06-04T16:39:29","date_gmt":"2025-06-04T14:39:29","guid":{"rendered":"https:\/\/ms-contentfactory.srv.vocento.in\/contentfactorylocal\/?p=130665"},"modified":"2025-06-04T17:00:54","modified_gmt":"2025-06-04T15:00:54","slug":"gijon-se-reconcilia-con-sus-gaviotas-de-villanas-a-vecinas","status":"publish","type":"post","link":"\/content-local\/gijon-se-reconcilia-con-sus-gaviotas-de-villanas-a-vecinas\/","title":{"rendered":"Gij\u00f3n se reconcilia con sus gaviotas: de villanas a vecinas"},"content":{"rendered":"<p>[vc_row el_class=\u00bbcol-1-1 tablet-col-1-1&#8243;][vc_column el_class=\u00bbcol-1-1 tablet-col-1-1&#8243;]\n        <div class='fullimg principal'>\n            <div class='tituloemergente'>\n                <div class='grid grid-pad'>\n                    <a class='open-btn close-nav quees' href=''>\n                        <span class='p-content'>Xix\u00f3n Medio Ambiente y Sostenibilidad<\/span>\n                    <\/a>\n                    <h1><strong>Gij\u00f3n se reconcilia con sus gaviotas: de villanas a vecinas<\/strong><p>La ciudad lanza un ambicioso plan \u00e9tico para convivir con la gaviota patiamarilla<\/p><\/h1>\n                <\/div>\n            <\/div>\n        <figure class='videoPrincipal'><img src='\/content-local\/wp-content\/uploads\/sites\/10\/2025\/06\/Plan-Gaviotas-Ayto-Gijon-.jpg'><\/figure><\/div>[\/vc_column][\/vc_row][vc_row centrar=\u00bbtrue\u00bb el_class=\u00bbgrid grid-pad\u00bb][vc_column el_class=\u00bbcol-1-1 tablet-col-1-1&#8243;]<div class='firmaRRSS '>\n       <div class='info'><address class='firmaAutor' data-autor='A.G.'><img src=\"\"> A.G.<\/address><time class='publicacion'>\n         4 junio, 2025 - 16:39<\/time><\/div>\n           <div class='compartir'><p>Compartir<\/p><ul>\n                <li class='facebook'>\n                            <a href='https:\/\/www.facebook.com\/sharer\/sharer.php?u=https:\/\/elcomercio.es\/content-local\/gijon-se-reconcilia-con-sus-gaviotas-de-villanas-a-vecinas\/' class='bcl-compartir-fb' data-voc-vtm-id='compartirrrss' data-voc-vtm-info='facebook' target='_blank' title='Compartelo en Facebook' rel='nofollow'>\n                        <i class='facebook'><\/i>\n                    <\/a>\n                <\/li><li class='twitter'>\n                    <a href='https:\/\/twitter.com\/intent\/tweet?text=https:\/\/elcomercio.es\/content-local\/gijon-se-reconcilia-con-sus-gaviotas-de-villanas-a-vecinas\/' class='bcl-compartir-tw twitter' data-voc-vtm-id='compartirrrss' data-voc-vtm-info='twitter' target='_blank' title='Compartelo en Twitter' rel='nofollow'>\n                        <i class='twitter'><\/i>\n                    <\/a>\n                <\/li><li class='whatsapp'>\n                    <a href='whatsapp:\/\/send?text=https:\/\/elcomercio.es\/content-local\/gijon-se-reconcilia-con-sus-gaviotas-de-villanas-a-vecinas\/' data-voc-vtm-id='compartirrrss' data-voc-vtm-info='whatsapp' class='whatsapp' target='_blank' title='Compartelo en whatsapp' rel='nofollow'>\n                        <i class='whatsapp'><\/i>\n                    <\/a>\n                <\/li>\n    \n    <\/ul><\/div><\/div>[\/vc_column][\/vc_row][vc_row centrar=\u00bbtrue\u00bb el_class=\u00bbgrid grid-pad\u00bb][vc_column el_class=\u00bbcol-10-12 tablet-col-1-1&#8243;]<p class=\"parrafocount\">La ciudad asturiana lanza un ambicioso plan \u00e9tico para convivir con la gaviota patiamarilla y ser\u00e1 referente, celebra el Festival del Vencejo P\u00e1lido y sellar\u00e1 un convenio hist\u00f3rico para cuidar de toda su fauna urbana. Una transformaci\u00f3n que empieza en nuestras calles\u2026 y en nuestras ventanas.<\/p>[\/vc_column][\/vc_row][vc_row centrar=\u00bbtrue\u00bb el_class=\u00bbgrid grid-pad\u00bb][vc_column el_class=\u00bbcol-10-12 tablet-col-1-1&#8243;]\n        <h2 class=\"\">De villanas a vecinas: las gaviotas tienen una segunda oportunidad<\/h2>\n    <p class=\"parrafocount\">Durante a\u00f1os, la <strong>gaviota patiamarilla<\/strong> fue tratada como un problema urbano: anidaba en tejados, gritaba al amanecer y protagonizaba incursiones en terrazas, parques o playas. La respuesta fue tajante: miles de cr\u00edas eran sacrificadas cada verano para frenar su expansi\u00f3n. Pero eso est\u00e1 cambiando.<\/p><p class='parrafocount'><p class='parrafocount'>En 2024, y por primera vez, solo 170 polluelos fueron retirados de forma letal, una cifra dr\u00e1sticamente inferior respecto a d\u00e9cadas anteriores. Gracias a un nuevo enfoque cient\u00edfico, \u00e9tico y no letal, el Ayuntamiento de Gij\u00f3n ha iniciado un cambio hist\u00f3rico. El <strong>objetivo para 2027<\/strong>: sacrificio cero, con <strong>Gij\u00f3n<\/strong> como referente nacional en convivencia urbana con la biodiversidad.<\/p><p class='parrafocount'><p class='parrafocount'><strong><em>Una especie en declive\u2026 aunque no lo parezca<\/em><\/strong><\/p><p class='parrafocount'><p class='parrafocount'>Aunque pueda parecer abundante en las ciudades, la gaviota patiamarilla est\u00e1 en retroceso. Ha sido incluida en el Libro Rojo de las Aves de Espa\u00f1a por su grave declive poblacional, con p\u00e9rdidas de efectivos en muchas de sus colonias costeras.<\/p><p class='parrafocount'><p class='parrafocount'>\u2022Cada pareja pone entre 1 y 3 huevos por temporada.<br \/><p class='parrafocount'>\u2022Solo el 50\u202f% eclosiona, y la productividad media es de 1,2 a 1,6 pollos por pareja.<br \/><p class='parrafocount'>\u2022Es una especie longeva (m\u00e1s de 20 a\u00f1os) y su supervivencia adulta es clave para mantener poblaciones estables.<br \/><p class='parrafocount'>\u2022Los pollos tienen una alta mortalidad en su primer a\u00f1o, por lo que la poblaci\u00f3n se autorregula en funci\u00f3n del alimento disponible. De ah\u00ed que limitar el acceso a comida es clave<br \/><p class='parrafocount'>\u2022Alt\u00edsima filopatr\u00eda: las aves tienden a anidar donde nacieron y solo cambian de lugar si hay perturbaciones graves o falta de recursos. Si naci\u00f3 en tu tejado, volver\u00e1 al mismo.<\/p>[vc_single_image image=\u00bb130827&#8243; img_size=\u00bblarge\u00bb alignment=\u00bbcenter\u00bb]\n        <h2 class=\"\">\u00bfQu\u00e9 se est\u00e1 haciendo en Gij\u00f3n?<\/h2>\n    <p class=\"parrafocount\">El nuevo <strong>plan \u00e9tico y no letal<\/strong> \u2014que entra en vigor plenamente en el tercer trimestre de 2025\u2014 est\u00e1 liderado por una empresa especializada en gesti\u00f3n poblacional e involucrar\u00e1 en la medida de lo posible a la <strong>Universidad de Oviedo<\/strong>, <strong>entidades ornitol\u00f3gica<\/strong>s y<strong> colectivos ciudadanos<\/strong>. Las l\u00edneas de acci\u00f3n son:<\/p><p class='parrafocount'><p class='parrafocount'>\u2022Disuasi\u00f3n activa no invasiva mediante aves rapaces adiestradas.<br \/><p class='parrafocount'>\u2022Reducci\u00f3n de residuos alimenticios para eliminar fuentes de alimentaci\u00f3n artificial.<br \/><p class='parrafocount'>\u2022Educaci\u00f3n ambiental y campa\u00f1as para evitar malas pr\u00e1cticas.<br \/><p class='parrafocount'>\u2022Seguimiento cient\u00edfico para adaptar las acciones a cada zona.<\/p><p class='parrafocount'><p class='parrafocount'>\u201cNo se trata de exterminar, sino de entender y gestionar con conocimiento. Queremos una ciudad que conviva con su biodiversidad urbana\u201d, explican desde el <strong>\u00c1rea de Medio Ambiente.<\/strong><\/p>\n        <h2 class=\"\">La ciudadan\u00eda, parte de la soluci\u00f3n<\/h2>\n    <p class=\"parrafocount\">La empresa gestora ha optimizado sus protocolos para reducir dr\u00e1sticamente <strong>el sacrificio<\/strong>, pero aunque este <strong>se ha reducido casi al 80%<\/strong>, la colaboraci\u00f3n ciudadana es clave.<br \/><p class='parrafocount'>Si no se avisa a tiempo, los nidos con polluelos desarrollados no se intervienen por razones \u00e9ticas, y las cr\u00edas siguen su desarrollo natural.<\/p><p class='parrafocount'><p class='parrafocount'>Tu papel es fundamental:<br \/><p class='parrafocount'>\u2022No alimentes gaviotas. Est\u00e1 prohibido y puede conllevar multas de hasta 750\u202f\u20ac.<br \/><p class='parrafocount'>\u2022No dejes restos de comida en terrazas, balcones o playas.<br \/><p class='parrafocount'>\u2022Usa siempre papeleras cerradas para depositar comida o restos de comida.<br \/><p class='parrafocount'>\u2022Avisa cuanto antes al Ayuntamiento si detectas un nido en tu comunidad o entorno laboral.<\/p><p class='parrafocount'><p class='parrafocount'><em>Una ciudad responsable con su entorno<\/em><br \/><p class='parrafocount'>El objetivo no es erradicar, sino favorecer el retorno de las gaviotas a sus colonias costeras naturales, donde a\u00fan pueden recuperar sus poblaciones si dejamos de atraerlas artificialmente.<\/p>[vc_single_image image=\u00bb130833&#8243; img_size=\u00bblarge\u00bb]\n        <h2 class=\"\">Festival del Vencejo P\u00e1lido: cuando mirar al cielo se convierte en arte<\/h2>\n    <p class=\"parrafocount\">Del 13 al 15 de junio, Gij\u00f3n celebrar\u00e1 por primera vez el Festival del Vencejo P\u00e1lido, dedicado a una de las aves m\u00e1s fascinantes (y desconocidas) de nuestro entorno: el vencejo, que vive en el aire, duerme volando y regresa cada primavera a anidar en nuestras fachadas.<br \/><p class='parrafocount'>Durante tres d\u00edas, habr\u00e1 rutas ornitol\u00f3gicas, cuentacuentos, talleres infantiles, exposiciones ilustradas, mesas redondas y actividades de ciencia ciudadana. Consulta el programa completo <a href=\"https:\/\/festivalvencejosgijon.com\/programa\/\" target=\"_blank\" rel=\"nofollow noopener\">pinchando aqu\u00ed<\/a><\/p><p class='parrafocount'><p class='parrafocount'>\u201cLos vencejos pasan desapercibidos, pero son esenciales para el equilibrio ecol\u00f3gico. Este festival busca que Gij\u00f3n los reconozca, los admire y los proteja\u201d, se\u00f1alan los organizadores.<\/p>\n        <h2 class=\"\">Convenio para cuidar a los heridos del aire<\/h2>\n    <p class=\"parrafocount\">Como parte de esta transformaci\u00f3n, el <strong>Ayuntamiento de Gij\u00f3n<\/strong> firmar\u00e1 con el Principado un Convenio Marco para la recuperaci\u00f3n de fauna silvestre urbana. Aves ca\u00eddas, erizos desorientados o polluelos accidentados recibir\u00e1n primeros auxilios en la Pajarera del Parque Isabel la Cat\u00f3lica, con <strong>apoyo del Principado<\/strong>. Adem\u00e1s, se formar\u00e1 al personal municipal, se crear\u00e1n protocolos de actuaci\u00f3n y se mejorar\u00e1 la atenci\u00f3n veterinaria de urgencia para aves.<\/p>\n        <h2 class=\"\"> Gatos, vencejos y colirrojos: un equilibrio delicado<\/h2>\n    <p class=\"parrafocount\">El compromiso con la <strong>biodiversidad<\/strong> no se limita a las aves. Gij\u00f3n refuerza tambi\u00e9n su <strong>Plan CER (Captura, Esterilizaci\u00f3n y Retorno)<\/strong> para el <strong>control \u00e9tico de colonias felinas<\/strong>. Esta medida, avalada por entidades cient\u00edficas, es clave para proteger a las aves que anidan en el suelo o en zonas bajas, especialmente en \u00e9poca de cr\u00eda.<br \/><p class='parrafocount'>Menos gatos no gestionados = m\u00e1s biodiversidad = m\u00e1s equilibrio urbano.<\/p>\n        <h2 class=\"\">Tambi\u00e9n Gij\u00f3n Ecoresiliente suma:<\/h2>\n    <p class=\"parrafocount\">En <strong>Gij\u00f3n Ecoresiliente,<\/strong> para favorecer a las aves se est\u00e1n instalando <strong>refugios de biodiversidad<\/strong> en zonas verdes que ofrecen h\u00e1bitats seguros para aves insect\u00edvoras y depredadoras de peque\u00f1os animales, ayudando al control natural de plagas. Adem\u00e1s, se realizan estudios cient\u00edficos con t\u00e9cnicas de anillamiento y marcaje para conocer mejor el comportamiento y movimientos de las aves, lo que permite adaptar las acciones urban\u00edsticas para su bienestar. Tambi\u00e9n se est\u00e1n creando minibosques aut\u00f3ctonos con el <strong>m\u00e9todo Miyawaki<\/strong>, que proporcionan espacios naturales y variados para que las aves puedan vivir y reproducirse en la ciudad, contribuyendo as\u00ed a aumentar la <strong>biodiversidad urbana<\/strong>.<\/p>\n        <h2 class=\"\">Una ciudad que escucha a sus aves... y aprende de ellas<\/h2>\n    <p class=\"parrafocount\"><strong>Gij\u00f3n<\/strong> se suma as\u00ed, con esta iniciativa, m\u00e1s la ya comenzada con Gij\u00f3n ecoresiliente, a la <strong>corriente europea de renaturalizaci\u00f3n urbana<\/strong>, con una estrategia que une <strong>gesti\u00f3n \u00e9tica, ciencia, cultura y participaci\u00f3n ciudadana<\/strong>. Ejemplos de ello son Barcelona (uso de drones para disuadir gaviotas sin da\u00f1o), \u00c1msterdam (participaci\u00f3n ciudadana activa en el seguimiento de aves urbanas), Londres (programa \u00e9tico de esterilizaci\u00f3n de palomas) y Copenhague (restauraci\u00f3n de humedales urbanos para aves migratorias).<\/p><p class='parrafocount'><p class='parrafocount'>Lo que antes se resolv\u00eda con sacrificios, ahora se aborda con <strong>conocimiento, sensibilidad y acci\u00f3n colectiva.<\/strong> Las aves ya no son un problema. Son parte de la soluci\u00f3n.<\/p><p class='parrafocount'><p class='parrafocount'>Porque construir <strong>una ciudad m\u00e1s habitable<\/strong> tambi\u00e9n significa hacerla habitable para quienes vuelan sobre ella. Y un Gij\u00f3n con pluma, es un mejor Gij\u00f3n.<\/p>[\/vc_column][\/vc_row]<\/p>\n","protected":false},"excerpt":{"rendered":"<p>[vc_row el_class=\u00bbcol-1-1 tablet-col-1-1&#8243;][vc_column el_class=\u00bbcol-1-1 tablet-col-1-1&#8243;][\/vc_column][\/vc_row][vc_row centrar=\u00bbtrue\u00bb el_class=\u00bbgrid grid-pad\u00bb][vc_column el_class=\u00bbcol-1-1 tablet-col-1-1&#8243;][\/vc_column][\/vc_row][vc_row centrar=\u00bbtrue\u00bb el_class=\u00bbgrid grid-pad\u00bb][vc_column el_class=\u00bbcol-10-12 tablet-col-1-1&#8243;][\/vc_column][\/vc_row][vc_row centrar=\u00bbtrue\u00bb el_class=\u00bbgrid grid-pad\u00bb][vc_column el_class=\u00bbcol-10-12 tablet-col-1-1&#8243;][vc_single_image image=\u00bb130827&#8243; img_size=\u00bblarge\u00bb alignment=\u00bbcenter\u00bb][vc_single_image image=\u00bb130833&#8243; img_size=\u00bblarge\u00bb][\/vc_column][\/vc_row]<\/p>\n","protected":false},"author":38,"featured_media":130814,"comment_status":"closed","ping_status":"closed","sticky":false,"template":"","format":"standard","meta":[],"categories":[1020],"tags":[1851,2780,2779,65],"acf":[],"_links":{"self":[{"href":"\/content-local\/wp-json\/wp\/v2\/posts\/130665"}],"collection":[{"href":"\/content-local\/wp-json\/wp\/v2\/posts"}],"about":[{"href":"\/content-local\/wp-json\/wp\/v2\/types\/post"}],"author":[{"embeddable":true,"href":"\/content-local\/wp-json\/wp\/v2\/users\/38"}],"replies":[{"embeddable":true,"href":"\/content-local\/wp-json\/wp\/v2\/comments?post=130665"}],"version-history":[{"count":12,"href":"\/content-local\/wp-json\/wp\/v2\/posts\/130665\/revisions"}],"predecessor-version":[{"id":130834,"href":"\/content-local\/wp-json\/wp\/v2\/posts\/130665\/revisions\/130834"}],"wp:featuredmedia":[{"embeddable":true,"href":"\/content-local\/wp-json\/wp\/v2\/media\/130814"}],"wp:attachment":[{"href":"\/content-local\/wp-json\/wp\/v2\/media?parent=130665"}],"wp:term":[{"taxonomy":"category","embeddable":true,"href":"\/content-local\/wp-json\/wp\/v2\/categories?post=130665"},{"taxonomy":"post_tag","embeddable":true,"href":"\/content-local\/wp-json\/wp\/v2\/tags?post=130665"}],"curies":[{"name":"wp","href":"https:\/\/api.w.org\/{rel}","templated":true}]}}