
{"id":131272,"date":"2025-06-11T13:05:16","date_gmt":"2025-06-11T11:05:16","guid":{"rendered":"https:\/\/ms-contentfactory.srv.vocento.in\/contentfactorylocal\/?p=131272"},"modified":"2025-06-11T13:30:13","modified_gmt":"2025-06-11T11:30:13","slug":"hacer-voluntariado-me-permitio-crecer-como-persona","status":"publish","type":"post","link":"\/content-local\/hacer-voluntariado-me-permitio-crecer-como-persona\/","title":{"rendered":"\u00abHacer voluntariado desde peque\u00f1a me permiti\u00f3 crecer como persona\u00bb"},"content":{"rendered":"<p>[vc_row el_class=\u00bbcol-1-1 tablet-col-1-1&#8243;][vc_column el_class=\u00bbcol-1-1 tablet-col-1-1&#8243;]\n        <div class='fullimg principal'>\n            <div class='tituloemergente'>\n                <div class='grid grid-pad'>\n                    <a class='open-btn close-nav quees' href=''>\n                        <span class='p-content'>FUNDACI\u00d3N CAJA RURAL DE ASTURIAS |PERSONAS QUE DAN VIDA<\/span>\n                    <\/a>\n                    <h1><strong>\u00abHacer voluntariado desde peque\u00f1a me permiti\u00f3 crecer como persona\u00bb<\/strong><p>La ovetense Sof\u00eda Pool ha sido distinguida con el Premio Impacto Positivo 2025 que concede la C\u00e1tedra MediaLab a j\u00f3venes universitarios que destacan por su compromiso social<\/p><\/h1>\n                <\/div>\n            <\/div>\n        <figure class='videoPrincipal'><img src='\/content-local\/wp-content\/uploads\/sites\/10\/2025\/06\/fundacion-caja-rural-de-asturias-110625.jpg'><\/figure><\/div>[\/vc_column][\/vc_row][vc_row centrar=\u00bbtrue\u00bb el_class=\u00bbgrid grid-pad\u00bb][vc_column el_class=\u00bbcol-1-1 tablet-col-1-1&#8243;]<div class='firmaRRSS '>\n       <div class='info'><address class='firmaAutor' data-autor='S.S.'><img src=\"\"> S.S.<\/address><time class='publicacion'>\n         11 junio, 2025 - 13:05<\/time><\/div>\n           <div class='compartir'><p>Compartir<\/p><ul>\n                <li class='facebook'>\n                            <a href='https:\/\/www.facebook.com\/sharer\/sharer.php?u=https:\/\/elcomercio.es\/content-local\/hacer-voluntariado-me-permitio-crecer-como-persona\/' class='bcl-compartir-fb' data-voc-vtm-id='compartirrrss' data-voc-vtm-info='facebook' target='_blank' title='Compartelo en Facebook' rel='nofollow'>\n                        <i class='facebook'><\/i>\n                    <\/a>\n                <\/li><li class='twitter'>\n                    <a href='https:\/\/twitter.com\/intent\/tweet?text=https:\/\/elcomercio.es\/content-local\/hacer-voluntariado-me-permitio-crecer-como-persona\/' class='bcl-compartir-tw twitter' data-voc-vtm-id='compartirrrss' data-voc-vtm-info='twitter' target='_blank' title='Compartelo en Twitter' rel='nofollow'>\n                        <i class='twitter'><\/i>\n                    <\/a>\n                <\/li><li class='whatsapp'>\n                    <a href='whatsapp:\/\/send?text=https:\/\/elcomercio.es\/content-local\/hacer-voluntariado-me-permitio-crecer-como-persona\/' data-voc-vtm-id='compartirrrss' data-voc-vtm-info='whatsapp' class='whatsapp' target='_blank' title='Compartelo en whatsapp' rel='nofollow'>\n                        <i class='whatsapp'><\/i>\n                    <\/a>\n                <\/li>\n    \n    <\/ul><\/div><\/div>[\/vc_column][\/vc_row][vc_row centrar=\u00bbtrue\u00bb el_class=\u00bbgrid grid-pad\u00bb][vc_column el_class=\u00bbcol-10-12 tablet-col-1-1&#8243;]<p class=\"parrafocount\">Hay un curr\u00edculum que no se imprime en papel ni se adjunta en un correo de candidatura, pero que dice mucho de nosotros. Es el <strong>curr\u00edculum social<\/strong>: el que se construye con horas de entrega, compromiso y ganas de mejorar el mundo. Refleja no solo lo que sabemos hacer, sino lo que elegimos hacer por los dem\u00e1s. Un valor que no siempre se ve, pero que transforma.<\/p><p class='parrafocount'><p class='parrafocount'>Esa es la esencia de los <strong>Premios Impacto Positivo<\/strong>, una iniciativa de la C\u00e1tedra <a href=\"https:\/\/www.medialab-uniovi.es\/\" target=\"_blank\" rel=\"nofollow noopener\">MediaLab de la Universidad de Oviedo<\/a>, que en colaboraci\u00f3n con la <a href=\"https:\/\/fundacioncajaruraldeasturias.com\/\" target=\"_blank\" rel=\"nofollow noopener\">Fundaci\u00f3n Caja Rural de Asturias<\/a>,<br \/><p class='parrafocount'>el Ayuntamiento de Gij\u00f3n y Compromiso Asturias XXI, busca reconocer el <strong>compromiso social de los j\u00f3venes universitarios<\/strong>. Aquellos, que adem\u00e1s de destacar en lo acad\u00e9mico, dedican<br \/><p class='parrafocount'>parte de su tiempo a construir una sociedad m\u00e1s justa. \u201cSon estudiantes que suelen pasar desapercibidos, precisamente por su humildad, pero cuya labor merece ser visibilizada\u201d, explican desde MediaLab Ram\u00f3n Rubio y Mar\u00eda Gonz\u00e1lez.<\/p><p class='parrafocount'><p class='parrafocount'>Uno de esos ejemplos es <strong>Sof\u00eda Pool Palicio<\/strong>, Grado en Trabajo Social. Esta ovetense de 22 a\u00f1os, recibe hoy el <strong>Premio Impacto Positivo 2025<\/strong> en un acto que se celebrar\u00e1 a las 12 horas en el Paraninfo<br \/><p class='parrafocount'>del Edificio Hist\u00f3rico de la Universidad de Oviedo. Su historia demuestra que, cuando se cree en algo, se puede cambiar mucho m\u00e1s de lo que parece.<\/p>[\/vc_column][\/vc_row][vc_row centrar=\u00bbtrue\u00bb el_class=\u00bbgrid grid-pad\u00bb][vc_column el_class=\u00bbcol-10-12 tablet-col-1-1&#8243;]\n        <h2 class=\"\">\u2013\u00bfC\u00f3mo has recibido la noticia del Premio Impacto Positivo 2025? \u00bfLo esperabas?<\/h2>\n    <p class=\"parrafocount\">\u2013Para nada. Fue un amigo quien me anim\u00f3 a presentarme. Estoy muy ilusionada y feliz de compartir\u00a0este premio con mi familia, que siempre me ha apoyado.<\/p>\n        <h2 class=\"\">\u2013\u00bfQu\u00e9 significa para ti ser Impacto Positivo? \u00bfQu\u00e9 crees que puede aportar este reconocimiento?<\/h2>\n    <p class=\"parrafocount\">\u2013Es una forma de motivar a otros j\u00f3venes. Muchas veces se desconoce todo lo que se puede hacer desde el voluntariado, que te da la oportunidad de cambiar la realidad que te rodea. Creo que este premio contribuye a generar espacios de participaci\u00f3n para los j\u00f3venes y <strong>visibilizar el valor del compromiso social<\/strong>, que tambi\u00e9n deber\u00eda formar parte de nuestra formaci\u00f3n y de nuestro crecimiento como personas.<\/p>\n        <h2 class=\"\">\u2013La dotaci\u00f3n del premio, 1.000 euros, se destina a una entidad social elegida por la persona galardonada. \u00bfCu\u00e1l has elegido t\u00fa y por qu\u00e9?<\/h2>\n    <p class=\"parrafocount\">\u2013He elegido <a href=\"https:\/\/www.caritas.es\/\" target=\"_blank\" rel=\"nofollow noopener\">C\u00e1ritas<\/a>, porque fue <strong>donde empec\u00e9 a hacer voluntariado<\/strong>. Es una forma de cerrar el c\u00edrculo y agradecer todo lo que ha supuesto para m\u00ed. Gracias a esa experiencia, que comenc\u00e9 desde temprana edad, no solo me form\u00e9 en lo t\u00e9cnico, sino que crec\u00ed como persona.<\/p>\n        <h2 class=\"\"> \u2013Cu\u00e9ntanos entonces c\u00f3mo surgi\u00f3 tu inter\u00e9s por el voluntariado. \u00bfC\u00f3mo fueron tus inicios?<\/h2>\n    <p class=\"parrafocount\">\u2013Empec\u00e9 con solo 12 a\u00f1os, participando en la \u2018Operaci\u00f3n Kilo\u2019 para la Fundaci\u00f3n Banco de Alimentos,\u00a0a trav\u00e9s de mi colegio, Dulce Nombre de Jes\u00fas (Dominicas Oviedo). Recuerdo que a los 15 a\u00f1os, vinieron de C\u00e1ritas a darnos una charla y ofrecernos varios voluntariados. Me atrajo el <strong>programa de \u201cAcompa\u00f1amiento a Personas Mayores en Oviedo\u201d<\/strong>. Siempre me han interesado las personas mayores, as\u00ed que comenc\u00e9 haciendo acompa\u00f1amiento en residencias. Despu\u00e9s llegaron otros proyectos, como el <strong>Programa de Econom\u00eda Solidaria<\/strong>, de apoyo en itinerarios de inserci\u00f3n sociolaboral; y el <strong>Programa de Acogida y<\/strong> <strong>Acompa\u00f1amiento de personas en riesgo de exclusi\u00f3n social.<\/strong><\/p><p class='parrafocount'><p class='parrafocount'>Actualmente, formo parte del <strong>Equipo Motor de Voluntariado Joven de Asturias<\/strong> y del <strong>Equipo Motor Confederal<\/strong>, dos estructuras de participaci\u00f3n juvenil creadas por C\u00e1ritas para impulsar el voluntariado joven. Trabajamos a nivel auton\u00f3mico y estatal, reuni\u00e9ndonos peri\u00f3dicamente para dise\u00f1ar estrategias\u00a0y proponer actividades que lo fomenten.<\/p><p class='parrafocount'><p class='parrafocount'>Por otro lado, participo en el programa de sensibilizaci\u00f3n a colegios e institutos, impartiendo\u00a0charlas sobre voluntariado.<\/p>\n        <h2 class=\"\">\u2013\u00bfCu\u00e1nto tiempo dedicas a tu labor de voluntariado?<\/h2>\n    <p class=\"parrafocount\">\u2013Depende de la \u00e9poca y actividad, pero en general, entre 2 y 4 horas a la semana.<\/p>\n        <h2 class=\"\">\u2013\u00bfY ahora tras terminar tu Grado, a qu\u00e9 te dedicas?<\/h2>\n    <p class=\"parrafocount\">\u2013Trabajo en la<a href=\"https:\/\/www.vinjoy.es\/inicio\/\" target=\"_blank\" rel=\"nofollow noopener\"> Fundaci\u00f3n Vinjoy<\/a>, donde intervenimos en tres grandes \u00e1reas: sordera y comunicaci\u00f3n, personas con discapacidad intelectual, psicosocial o problem\u00e1tica de salud mental, y menores y j\u00f3venes en situaci\u00f3n de riesgo o conflicto social. Yo formo parte de la <strong>Oficina de Acci\u00f3n Social y Acompa\u00f1amiento<\/strong>, un programa que se enmarca dentro del Centro de Desarrollo Comunitario. Desde<br \/><p class='parrafocount'>aqu\u00ed damos soporte a los dem\u00e1s Centros e Institutos y acompa\u00f1amos a las personas en los diferentes procesos que enfrentan en su vida cotidiana. Y, por supuesto, sigo con mi labor como voluntaria en C\u00e1ritas.<\/p>\n        <h2 class=\"\">\u2013\u00bfQu\u00e9 te motiva a seguir dedicando tu tiempo a los dem\u00e1s?<\/h2>\n    <p class=\"parrafocount\">\u2013El voluntariado es una tarea que engancha. Una vez que empiezas, es dif\u00edcil dejarlo; enlazas\u00a0una tarea con otra. Cada experiencia te aporta mucho: conoces otras realidades, de las que aprendes constantemente y creces como persona. Es un enriquecimiento personal dif\u00edcil de encontrar en\u00a0otros \u00e1mbitos.<\/p><p class='parrafocount'><p class='parrafocount'><\/p>[\/vc_column][\/vc_row]<\/p>\n","protected":false},"excerpt":{"rendered":"<p>[vc_row el_class=\u00bbcol-1-1 tablet-col-1-1&#8243;][vc_column el_class=\u00bbcol-1-1 tablet-col-1-1&#8243;][\/vc_column][\/vc_row][vc_row centrar=\u00bbtrue\u00bb el_class=\u00bbgrid grid-pad\u00bb][vc_column el_class=\u00bbcol-1-1 tablet-col-1-1&#8243;][\/vc_column][\/vc_row][vc_row centrar=\u00bbtrue\u00bb el_class=\u00bbgrid grid-pad\u00bb][vc_column el_class=\u00bbcol-10-12 tablet-col-1-1&#8243;][\/vc_column][\/vc_row][vc_row centrar=\u00bbtrue\u00bb el_class=\u00bbgrid grid-pad\u00bb][vc_column el_class=\u00bbcol-10-12 tablet-col-1-1&#8243;][\/vc_column][\/vc_row]<\/p>\n","protected":false},"author":38,"featured_media":0,"comment_status":"closed","ping_status":"closed","sticky":false,"template":"","format":"standard","meta":[],"categories":[1],"tags":[],"acf":[],"_links":{"self":[{"href":"\/content-local\/wp-json\/wp\/v2\/posts\/131272"}],"collection":[{"href":"\/content-local\/wp-json\/wp\/v2\/posts"}],"about":[{"href":"\/content-local\/wp-json\/wp\/v2\/types\/post"}],"author":[{"embeddable":true,"href":"\/content-local\/wp-json\/wp\/v2\/users\/38"}],"replies":[{"embeddable":true,"href":"\/content-local\/wp-json\/wp\/v2\/comments?post=131272"}],"version-history":[{"count":9,"href":"\/content-local\/wp-json\/wp\/v2\/posts\/131272\/revisions"}],"predecessor-version":[{"id":131339,"href":"\/content-local\/wp-json\/wp\/v2\/posts\/131272\/revisions\/131339"}],"wp:attachment":[{"href":"\/content-local\/wp-json\/wp\/v2\/media?parent=131272"}],"wp:term":[{"taxonomy":"category","embeddable":true,"href":"\/content-local\/wp-json\/wp\/v2\/categories?post=131272"},{"taxonomy":"post_tag","embeddable":true,"href":"\/content-local\/wp-json\/wp\/v2\/tags?post=131272"}],"curies":[{"name":"wp","href":"https:\/\/api.w.org\/{rel}","templated":true}]}}