

    {"id":86467,"date":"2023-12-28T10:20:40","date_gmt":"2023-12-28T09:20:40","guid":{"rendered":"https:\/\/ms-contentfactory.srv.vocento.in\/contentfactorylocal\/?p=86467"},"modified":"2024-09-13T10:39:29","modified_gmt":"2024-09-13T08:39:29","slug":"fundacion-valdes-salas-la-difusion-del-conocimiento-y-la-cultura","status":"publish","type":"post","link":"\/content-local\/fundacion-valdes-salas-la-difusion-del-conocimiento-y-la-cultura\/","title":{"rendered":"Fundaci\u00f3n Vald\u00e9s-Salas, la difusi\u00f3n del conocimiento y la cultura"},"content":{"rendered":"<p>[vc_row el_class=\u00bbcol-1-1 tablet-col-1-1&#8243;][vc_column el_class=\u00bbcol-1-1 tablet-col-1-1&#8243;]\n        <div class='fullimg principal'>\n            <div class='tituloemergente'>\n                <div class='grid grid-pad'>\n                    <a class='open-btn close-nav quees' href=''>\n                        <span class='p-content'>FUNDACI\u00d3N VALD\u00c9S-SALAS<\/span>\n                    <\/a>\n                    <h1><strong>Fundaci\u00f3n Vald\u00e9s - Salas, la difusi\u00f3n del conocimiento y la cultura<\/strong><p>Esta instituci\u00f3n privada organiza actividades de diferente \u00e1mbito<\/p><\/h1>\n                <\/div>\n            <\/div>\n        <figure class='videoPrincipal'><img src='\/content-local\/wp-content\/uploads\/sites\/10\/2023\/12\/fundacio\u0301n-valdes-salas.png'><\/figure><\/div>[\/vc_column][\/vc_row][vc_row centrar=\u00bbtrue\u00bb el_class=\u00bbgrid grid-pad\u00bb][vc_column el_class=\u00bbcol-1-1 tablet-col-1-1&#8243;]<div class='firmaRRSS '>\n       <div class='info'><address class='firmaAutor' data-autor='S. S. F.'><img src=\"\"> S. S. F.<\/address><time class='publicacion'>\n         28 diciembre, 2023 - 10:20<\/time><\/div>\n           <div class='compartir'><p>Compartir<\/p><ul>\n                <li class='facebook'>\n                            <a href='https:\/\/www.facebook.com\/sharer\/sharer.php?u=https:\/\/elcomercio.es\/content-local\/fundacion-valdes-salas-la-difusion-del-conocimiento-y-la-cultura\/' class='bcl-compartir-fb' data-voc-vtm-id='compartirrrss' data-voc-vtm-info='facebook' target='_blank' title='Compartelo en Facebook' rel='nofollow'>\n                        <i class='facebook'><\/i>\n                    <\/a>\n                <\/li><li class='twitter'>\n                    <a href='https:\/\/twitter.com\/intent\/tweet?text=https:\/\/elcomercio.es\/content-local\/fundacion-valdes-salas-la-difusion-del-conocimiento-y-la-cultura\/' class='bcl-compartir-tw twitter' data-voc-vtm-id='compartirrrss' data-voc-vtm-info='twitter' target='_blank' title='Compartelo en Twitter' rel='nofollow'>\n                        <i class='twitter'><\/i>\n                    <\/a>\n                <\/li><li class='whatsapp'>\n                    <a href='whatsapp:\/\/send?text=https:\/\/elcomercio.es\/content-local\/fundacion-valdes-salas-la-difusion-del-conocimiento-y-la-cultura\/' data-voc-vtm-id='compartirrrss' data-voc-vtm-info='whatsapp' class='whatsapp' target='_blank' title='Compartelo en whatsapp' rel='nofollow'>\n                        <i class='whatsapp'><\/i>\n                    <\/a>\n                <\/li>\n    \n    <\/ul><\/div><\/div>[\/vc_column][\/vc_row][vc_row centrar=\u00bbtrue\u00bb el_class=\u00bbgrid grid-pad\u00bb][vc_column el_class=\u00bbcol-10-12 tablet-col-1-1&#8243;]<p class=\"parrafocount\"><\/p><p class='parrafocount'><p style=\"text-align: justify\">La <strong><a href=\"https:\/\/fundacionvaldessalas.es\/\" target=\"_blank\" rel=\"noopener\">Fundaci\u00f3n Vald\u00e9s-Salas<\/a><\/strong> es una instituci\u00f3n privada sin \u00e1nimo de lucro cuyo objetivo es favorecer la difusi\u00f3n del <strong>conocimiento y la cultura<\/strong> universal colaborando con la <strong>Universidad de Oviedo<\/strong>. Un n\u00famero relevante de sus actividades se dirige al patrimonio cultural, destacando la iniciativa para declarar la <a href=\"https:\/\/fundacionvaldessalas.es\/misadegaita\/\" target=\"_blank\" rel=\"noopener\"><strong>Misa Asturiana de Gaita como Bien de Inter\u00e9s Cultural<\/strong><\/a>, a partir de la investigaci\u00f3n de \u00c1ngel Medina, catedr\u00e1tico de Musicolog\u00eda, y la creaci\u00f3n del <strong>Taller Lolo Cornellana<\/strong> dirigido por Joaqu\u00edn Valde\u00f3n, director del Coro Universitario.<\/p><p class='parrafocount'><p style=\"text-align: justify\">La sede de la fundaci\u00f3n, el Palacio Vald\u00e9s-Salas (<strong>Salas<\/strong>), presenta una colecci\u00f3n de mapas que ilustra hist\u00f3ricamente la visi\u00f3n europea del mundo, y custodia la <strong>biblioteca<\/strong> donada por Jes\u00fas Men\u00e9ndez Pel\u00e1ez, catedr\u00e1tico de Literatura, que ha servido de base para diversos seminarios de <strong>Estudios Medievales<\/strong> y del <strong>Siglo de Oro<\/strong>.<\/p><p class='parrafocount'><p style=\"text-align: justify\">En colaboraci\u00f3n con la Universidad de Oviedo, la fundaci\u00f3n convoca peri\u00f3dicamente los <a href=\"https:\/\/fundacionvaldessalas.es\/premios\/\" target=\"_blank\" rel=\"noopener\"><strong>Premios Alfonso II \u201cLos diarios del Camino Primitivo\u201d<\/strong><\/a> con un jurado presidido por<strong> Leopoldo Tolivar<\/strong>, catedr\u00e1tico de Derecho Administrativo. La pr\u00f3xima edici\u00f3n, la sexta, extender\u00e1 los premios a todos los Caminos.<\/p><p class='parrafocount'><p style=\"text-align: justify\">Por otra parte, en colaboraci\u00f3n con el Principado de Asturias, el RIDEA y la empresa Cartonajes VIR, se han digitalizado m\u00e1s de 20.000 documentos del legado del<strong> Padre Galo<\/strong>, referencia de los escritores en asturiano, que pr\u00f3ximamente estar\u00e1n disponibles en la web para el p\u00fablico en general. En esa misma l\u00ednea de digitalizaci\u00f3n, actualmente se est\u00e1 dise\u00f1ando un<strong> Centro de Documentaci\u00f3n sobre el Prerrom\u00e1nico<\/strong> basado en el archivo documental y fotogr\u00e1fico de Lorenzo Arias, experto en arte altomedieval asturiano y miembro del Instituto Alem\u00e1n de Arqueolog\u00eda.<\/p><p class='parrafocount'><p class='parrafocount'><\/p>[\/vc_column][\/vc_row][vc_row centrar=\u00bbtrue\u00bb el_class=\u00bbgrid grid-pad\u00bb][vc_column el_class=\u00bbcol-10-12 tablet-col-1-1&#8243;][vc_single_image image=\u00bb86474&#8243; img_size=\u00bblarge\u00bb alignment=\u00bbcenter\u00bb]<p class=\"parrafocount\"><\/p><p class='parrafocount'><p style=\"text-align: justify\">En el \u00e1mbito del patrimonio material destaca el <strong>Proyecto Beriso<\/strong>, copatrocinado por Orovalle y la Fundaci\u00f3n Banco Sabadell, dirigido por Miguel \u00c1ngel de Blas, catedr\u00e1tico de Arqueolog\u00eda y \u00c1ngel Villa, del Museo Arqueol\u00f3gico de Asturias. Centrado en los <strong>castros ribere\u00f1os del r\u00edo Narcea<\/strong>, intenta relacionar el oro extra\u00eddo en Hispania con la acu\u00f1aci\u00f3n de \u00e1ureos. En ese mismo espacio de an\u00e1lisis, el <strong>Proyecto Cobertoria<\/strong>, patrocinado por la Fundaci\u00f3n Banco Sabadell, dirigido por Miguel \u00c1ngel de Blas y Fernando Rodr\u00edguez del Cueto, se centra en el an\u00e1lisis de las <strong>necr\u00f3polis tumulares de la Cobertoria y Penaus\u00e9n<\/strong>, en Salas.<\/p><p class='parrafocount'><p style=\"text-align: justify\">En la misma l\u00ednea, la fundaci\u00f3n gestiona, con el asesoramiento de los profesores universitarios Lorenzo Arias y Raquel Alonso, el <a href=\"https:\/\/fundacionvaldessalas.es\/museo-del-prerromanico-de-san-martin-de-salas\/\" target=\"_blank\" rel=\"noopener\"><strong>Museo Prerrom\u00e1nico de San Mart\u00edn de Salas<\/strong><\/a> (reformado por iniciativa propia y con el patrocinio de la Fundaci\u00f3n Cajastur), el <strong>Museo Prerrom\u00e1nico de Santianes de Pravia<\/strong> y el<a href=\"https:\/\/fundacionvaldessalas.es\/museo-de-arte-sacro-de-tineo\/\" target=\"_blank\" rel=\"noopener\"><strong> Museo de Arte Sacro de Tineo<\/strong><\/a>.<\/p><p class='parrafocount'><p style=\"text-align: justify\">Sin duda, la actuaci\u00f3n reciente m\u00e1s reconocida p\u00fablicamente ha sido la restauraci\u00f3n del Mausoleo de Fernando de Vald\u00e9s en la Colegiata de Salas, ejecutado por el restaurador Pablo Klett, con el copatrocinio de la sociedad patrimonial Cosmen Men\u00e9ndez-Casta\u00f1edo (CMCXXI) y la Fundaci\u00f3n Cajastur, colaborando con la Universidad de Oviedo, Arzobispado de Oviedo y Ayuntamiento de Salas.<\/p><p class='parrafocount'><p class='parrafocount'><\/p>[vc_single_image image=\u00bb86477&#8243; img_size=\u00bblarge\u00bb alignment=\u00bbcenter\u00bb]<p class=\"parrafocount\"><\/p><p class='parrafocount'><p style=\"text-align: justify\">Dentro del cap\u00edtulo de otras actividades llevadas a cabo por la fundaci\u00f3n cabe se\u00f1alar tres. El <strong>estudio y difusi\u00f3n de biograf\u00edas empresariales<\/strong>, plasmado en la colecci\u00f3n editorial Empresas y Empresarios Asturianos, dirigida por Joaqu\u00edn Ocampo, catedr\u00e1tico de Historia Econ\u00f3mica, en colaboraci\u00f3n con Esteban Garc\u00eda Canal, catedr\u00e1tico de Organizaci\u00f3n de Empresas. Un programa de<strong> becas a estudiantes con recursos limitados<\/strong>, nacido de la profunda vocaci\u00f3n social de la instituci\u00f3n y de la iniciativa de la empresa Forestal Salense, que ya cuenta con el apoyo de 16 empresas locales. Y un proyecto relevante para 2024, <strong>la edici\u00f3n del libro El monasterio de San Salvador de Cornellana en la Edad Media<\/strong> (1024-1536), dirigido por Miguel Calleja de la Universidad de Oviedo, que aportar\u00e1 la vertiente acad\u00e9mica a las celebraciones del Milenario del Monasterio de Cornellana.<\/p><p class='parrafocount'><p class='parrafocount'><\/p>[\/vc_column][\/vc_row][vc_row centrar=\u00bbtrue\u00bb el_class=\u00bbgrid grid-pad\u00bb][vc_column el_class=\u00bbcol-1-1 tablet-col-1-1&#8243;]\n        <div class='bloque'>\n         <div class='compartir'><p>Compartir<\/p><ul>\n                <li class='facebook'>\n                            <a href='https:\/\/www.facebook.com\/sharer\/sharer.php?u=https:\/\/elcomercio.es' class='bcl-compartir-fb' target='_blank' title='Compartelo en Facebook' rel='nofollow'>\n                        <i class='facebook'><\/i>\n                    <\/a>\n                <\/li><li class='twitter'>\n                    <a href='https:\/\/twitter.com\/intent\/tweet?text=https:\/\/elcomercio.es' class='bcl-compartir-tw twitter' target='_blank' title='Compartelo en Twitter' rel='nofollow'>\n                        <i class='twitter'><\/i>\n                    <\/a>\n                <\/li><li class='whatsapp'>\n                    <a href='whatsapp:\/\/send?text=https:\/\/elcomercio.es' class='whatsapp' target='_blank' title='Compartelo en whatsapp' rel='nofollow'>\n                        <i class='whatsapp'><\/i>\n                    <\/a>\n                <\/li>\n                   <\/ul><\/div>\n        <div class='pie-ad '>\n            <p>Contenido para<strong> Fundaci\u00f3n Vald\u00e9s-Salas<\/strong>\u00a0 editado por <strong>Content Local<\/strong>. En su elaboraci\u00f3n no ha intervenido la redacci\u00f3n de este medio.<\/p>\n        <\/div><\/div>[\/vc_column][\/vc_row]<\/p>\n","protected":false},"excerpt":{"rendered":"<p>[vc_row el_class=\u00bbcol-1-1 tablet-col-1-1&#8243;][vc_column el_class=\u00bbcol-1-1 tablet-col-1-1&#8243;][\/vc_column][\/vc_row][vc_row centrar=\u00bbtrue\u00bb el_class=\u00bbgrid grid-pad\u00bb][vc_column el_class=\u00bbcol-1-1 tablet-col-1-1&#8243;][\/vc_column][\/vc_row][vc_row centrar=\u00bbtrue\u00bb el_class=\u00bbgrid grid-pad\u00bb][vc_column el_class=\u00bbcol-10-12 tablet-col-1-1&#8243;][\/vc_column][\/vc_row][vc_row centrar=\u00bbtrue\u00bb el_class=\u00bbgrid grid-pad\u00bb][vc_column el_class=\u00bbcol-10-12 tablet-col-1-1&#8243;][vc_single_image image=\u00bb86474&#8243; img_size=\u00bblarge\u00bb alignment=\u00bbcenter\u00bb][vc_single_image image=\u00bb86477&#8243; img_size=\u00bblarge\u00bb alignment=\u00bbcenter\u00bb][\/vc_column][\/vc_row][vc_row centrar=\u00bbtrue\u00bb el_class=\u00bbgrid grid-pad\u00bb][vc_column el_class=\u00bbcol-1-1 tablet-col-1-1&#8243;][\/vc_column][\/vc_row]<\/p>\n","protected":false},"author":38,"featured_media":0,"comment_status":"open","ping_status":"open","sticky":false,"template":"","format":"standard","meta":[],"categories":[1],"tags":[],"acf":[],"_links":{"self":[{"href":"\/content-local\/wp-json\/wp\/v2\/posts\/86467"}],"collection":[{"href":"\/content-local\/wp-json\/wp\/v2\/posts"}],"about":[{"href":"\/content-local\/wp-json\/wp\/v2\/types\/post"}],"author":[{"embeddable":true,"href":"\/content-local\/wp-json\/wp\/v2\/users\/38"}],"replies":[{"embeddable":true,"href":"\/content-local\/wp-json\/wp\/v2\/comments?post=86467"}],"version-history":[{"count":1,"href":"\/content-local\/wp-json\/wp\/v2\/posts\/86467\/revisions"}],"predecessor-version":[{"id":86480,"href":"\/content-local\/wp-json\/wp\/v2\/posts\/86467\/revisions\/86480"}],"wp:attachment":[{"href":"\/content-local\/wp-json\/wp\/v2\/media?parent=86467"}],"wp:term":[{"taxonomy":"category","embeddable":true,"href":"\/content-local\/wp-json\/wp\/v2\/categories?post=86467"},{"taxonomy":"post_tag","embeddable":true,"href":"\/content-local\/wp-json\/wp\/v2\/tags?post=86467"}],"curies":[{"name":"wp","href":"https:\/\/api.w.org\/{rel}","templated":true}]}}